{"id":748,"date":"2022-11-30T13:44:18","date_gmt":"2022-11-30T13:44:18","guid":{"rendered":"https:\/\/gruene-grafenau.de\/?p=748"},"modified":"2022-11-30T13:44:18","modified_gmt":"2022-11-30T13:44:18","slug":"pressemitteilung-bundesrat-stimmt-sozialreform-zum-buergergeld-zu","status":"publish","type":"post","link":"https:\/\/gruene-grafenau.de\/index.php\/2022\/11\/30\/pressemitteilung-bundesrat-stimmt-sozialreform-zum-buergergeld-zu\/","title":{"rendered":"Pressemitteilung: Bundesrat stimmt Sozialreform zum B\u00fcrgergeld zu."},"content":{"rendered":"<table width=\"649\">\n<tbody>\n<tr>\n<td>Tobias B. Bacherle (Gr\u00fcne): Das B\u00fcrgergeld sorgt f\u00fcr h\u00f6here Regels\u00e4tze und mehr Anreize zur Weiterbildung f\u00fcr Leistungsempf\u00e4nger im Kreis B\u00f6blingen.<\/td>\n<\/tr>\n<\/tbody>\n<\/table>\n<p style=\"font-weight: 400;\"><strong>B\u00f6blingen.<\/strong> Die Einf\u00fchrung des B\u00fcrgergeldes ab 2023 ist f\u00fcr den B\u00f6blinger Bundestagsabgeordneten Tobias B. Bacherle (B\u00fcndnis 90\/ Die Gr\u00fcnen) die gr\u00f6\u00dfte Sozialreform der letzten 20 Jahre. \u201eDas B\u00fcrgergeld ist ein Paradigmenwechsel, weg vom Vermittlungszwang hin zu Weiterbildung und Qualifizierung\u201c, sagt Bacherle. So werde zuk\u00fcnftig verhindert, dass Leistungsempf\u00e4nger*innen schnell in eine kurzfristige Ma\u00dfnahme vermittelt werden, um danach wieder ins Arbeitslosengeld II zur\u00fcck zu fallen.<\/p>\n<p style=\"font-weight: 400;\">\n<p style=\"font-weight: 400;\">Wer sich weiterbilden und qualifizieren will, wird jetzt auch daf\u00fcr belohnt. Wer an einer Berufsausbildung teilnimmt, erh\u00e4lt monatlich 150 Euro Weiterbildungsgeld. F\u00fcr andere Weiterbildungsma\u00dfnahmen oder Sprachkurse gibt es 75 \u20ac B\u00fcrgergeldbonus pro Monat. Das f\u00fchrt zu einer bleibenden Motivation auch bei mehrj\u00e4hrigen Aus- und Weiterbildungen und einer nachhaltigen Integration in den Arbeitsmarkt. \u201eDie Wirtschaft, die Industrie, vor allem aber auch das Handwerk, also kleine und mittlere Unternehmen im Landkreis brauchen gut ausgebildete und motivierte Fachkr\u00e4fte\u201c, stellt Bacherle klar.<\/p>\n<p style=\"font-weight: 400;\">\n<p style=\"font-weight: 400;\">Der Regelsatz wird um etwa 50 Euro angehoben. Davon profitieren rund 5,4 Millionen Menschen insgesamt und\u00a0 rund 8600 Menschen im Kreis B\u00f6blingen, die besonders unter den gestiegenen Preisen f\u00fcr Energie und Lebensmittel leiden. Au\u00dferdem bleibt vom eigenen Arbeitseinkommen mehr \u00fcbrig. \u201eWer arbeitet, hat mehr in der Tasche. Das B\u00fcrgergeld sorgt daf\u00fcr, dass vom hart erarbeiteten Geld k\u00fcnftig mehr behalten werden kann\u201c betont Bacherle. Personen die B\u00fcrgergeld beziehen und in einer Bedarfsgemeinschaft leben, zum Beispiel Sch\u00fcler*innen oder Auszubildende, k\u00f6nnen in Zukunft mehr von ihrem Ausbildungslohn oder ihrem Nebenjob behalten.<\/p>\n<p style=\"font-weight: 400;\">\n<p style=\"font-weight: 400;\">Zudem hebt Bacherle hervor: \u201eUnter dem Strich stehen massive Verbesserungen zur fr\u00fcheren Rechtslage. Mit dem neuen B\u00fcrgergeld setzen wir auf Kooperation auf Augenh\u00f6he, Weiterbildung und Bef\u00e4higung zur langfristigen Integration in den Arbeitsmarkt.\u201c<\/p>\n","protected":false},"excerpt":{"rendered":"<p>Tobias B. Bacherle (Gr\u00fcne): Das B\u00fcrgergeld sorgt f\u00fcr h\u00f6here Regels\u00e4tze und mehr Anreize zur Weiterbildung f\u00fcr Leistungsempf\u00e4nger im Kreis B\u00f6blingen. B\u00f6blingen. Die Einf\u00fchrung des B\u00fcrgergeldes ab 2023 ist f\u00fcr den&#8230; <\/p>\n","protected":false},"author":2,"featured_media":0,"comment_status":"closed","ping_status":"open","sticky":false,"template":"","format":"standard","meta":{"footnotes":""},"categories":[1],"tags":[],"class_list":["post-748","post","type-post","status-publish","format-standard","hentry","category-uncategorized"],"_links":{"self":[{"href":"https:\/\/gruene-grafenau.de\/index.php\/wp-json\/wp\/v2\/posts\/748","targetHints":{"allow":["GET"]}}],"collection":[{"href":"https:\/\/gruene-grafenau.de\/index.php\/wp-json\/wp\/v2\/posts"}],"about":[{"href":"https:\/\/gruene-grafenau.de\/index.php\/wp-json\/wp\/v2\/types\/post"}],"author":[{"embeddable":true,"href":"https:\/\/gruene-grafenau.de\/index.php\/wp-json\/wp\/v2\/users\/2"}],"replies":[{"embeddable":true,"href":"https:\/\/gruene-grafenau.de\/index.php\/wp-json\/wp\/v2\/comments?post=748"}],"version-history":[{"count":1,"href":"https:\/\/gruene-grafenau.de\/index.php\/wp-json\/wp\/v2\/posts\/748\/revisions"}],"predecessor-version":[{"id":749,"href":"https:\/\/gruene-grafenau.de\/index.php\/wp-json\/wp\/v2\/posts\/748\/revisions\/749"}],"wp:attachment":[{"href":"https:\/\/gruene-grafenau.de\/index.php\/wp-json\/wp\/v2\/media?parent=748"}],"wp:term":[{"taxonomy":"category","embeddable":true,"href":"https:\/\/gruene-grafenau.de\/index.php\/wp-json\/wp\/v2\/categories?post=748"},{"taxonomy":"post_tag","embeddable":true,"href":"https:\/\/gruene-grafenau.de\/index.php\/wp-json\/wp\/v2\/tags?post=748"}],"curies":[{"name":"wp","href":"https:\/\/api.w.org\/{rel}","templated":true}]}}