{"id":706,"date":"2022-09-03T11:40:44","date_gmt":"2022-09-03T11:40:44","guid":{"rendered":"https:\/\/gruene-grafenau.de\/?p=706"},"modified":"2022-09-03T11:40:44","modified_gmt":"2022-09-03T11:40:44","slug":"sommerferienprogramm-2022-besuch-des-stuttgarter-landtags","status":"publish","type":"post","link":"https:\/\/gruene-grafenau.de\/index.php\/2022\/09\/03\/sommerferienprogramm-2022-besuch-des-stuttgarter-landtags\/","title":{"rendered":"Sommerferienprogramm 2022 &#8211; Besuch des Stuttgarter Landtags"},"content":{"rendered":"<p>Am Donnerstag, 1. September fand gemeinsam mit dem Ortsverband Aidlingen der Besuch im Landtag Stuttgart statt. Die Anreise mit dem \u00d6PNV verlief unproblematisch und nach einem kurzen Snack vor dem Landtag ging es um 13 Uhr p\u00fcnktlich mit der Besichtigung los.<\/p>\n<p>Gestartet sind wir im B\u00fcrger- und Medienzentrum des Landtages, wo wir begr\u00fc\u00dft wurden. In Zweiergruppen durften wir mit Hilfe interaktiver Tafeln ein Quiz rund um den Landtag l\u00f6sen. Anschlie\u00dfend ging es endlich ins Plenum, das Herzst\u00fcck des Landtagsgeb\u00e4udes. Wir wurden vertraut gemacht mit der Sitzordnung im Plenarsaal. Die Sitze sind nach Parteizugeh\u00f6rigkeit geordnet. Ganz vorne sitzt immer der Fraktionsvorsitzende und in den Folgereihen sitzen die Abgeordneten in alphabetischer Reihenfolge.<span class=\"Apple-converted-space\">\u00a0<\/span><\/p>\n<p>Die 10 Jugendlichen des Sommerferienprogramms konnten dabei die Rolle des Pr\u00e4sidenten und der Schriftf\u00fchrerInnen einnehmen, gemeinsam haben wir dann unseren Ministerpr\u00e4sidenten gew\u00e4hlt.<span class=\"Apple-converted-space\">\u00a0<\/span><\/p>\n<p>Begleitet hat uns w\u00e4hrend der gesamte Zeit Peter Seimer, der Abgeordnete unseres Wahlkreises im Landtag. Er hat \u00fcber seinen Alltag als Abgeordneter berichtet und die zahlreichen Fragen der interessierten Jugendlichen beantwortet.<\/p>\n<p>Nach einem gemeinsamen Eis am Schlossplatz ging es mit dem Bus wieder nach Hause.<span class=\"Apple-converted-space\">\u00a0<\/span><\/p>\n<p>Es war ein interessanter Nachmittag, der die ein oder andere Erwartung sogar noch \u00fcbertroffen hat.<span class=\"Apple-converted-space\">\u00a0<\/span><\/p>\n<img loading=\"lazy\" decoding=\"async\" class=\"alignleft size-large wp-image-707\" src=\"https:\/\/gruene-grafenau.de\/wp-content\/uploads\/2022\/09\/IMG-0542-800x600.jpg\" alt=\"\" width=\"783\" height=\"587\" srcset=\"https:\/\/gruene-grafenau.de\/wp-content\/uploads\/2022\/09\/IMG-0542-800x600.jpg 800w, https:\/\/gruene-grafenau.de\/wp-content\/uploads\/2022\/09\/IMG-0542-400x300.jpg 400w, https:\/\/gruene-grafenau.de\/wp-content\/uploads\/2022\/09\/IMG-0542-768x576.jpg 768w, https:\/\/gruene-grafenau.de\/wp-content\/uploads\/2022\/09\/IMG-0542-1536x1152.jpg 1536w, https:\/\/gruene-grafenau.de\/wp-content\/uploads\/2022\/09\/IMG-0542-2048x1536.jpg 2048w, https:\/\/gruene-grafenau.de\/wp-content\/uploads\/2022\/09\/IMG-0542-150x113.jpg 150w\" sizes=\"auto, (max-width: 783px) 100vw, 783px\" \/>\n","protected":false},"excerpt":{"rendered":"<p>Am Donnerstag, 1. September fand gemeinsam mit dem Ortsverband Aidlingen der Besuch im Landtag Stuttgart statt. Die Anreise mit dem \u00d6PNV verlief unproblematisch und nach einem kurzen Snack vor dem&#8230; <\/p>\n","protected":false},"author":2,"featured_media":0,"comment_status":"closed","ping_status":"open","sticky":false,"template":"","format":"standard","meta":{"footnotes":""},"categories":[2],"tags":[],"class_list":["post-706","post","type-post","status-publish","format-standard","hentry","category-allgemein"],"_links":{"self":[{"href":"https:\/\/gruene-grafenau.de\/index.php\/wp-json\/wp\/v2\/posts\/706","targetHints":{"allow":["GET"]}}],"collection":[{"href":"https:\/\/gruene-grafenau.de\/index.php\/wp-json\/wp\/v2\/posts"}],"about":[{"href":"https:\/\/gruene-grafenau.de\/index.php\/wp-json\/wp\/v2\/types\/post"}],"author":[{"embeddable":true,"href":"https:\/\/gruene-grafenau.de\/index.php\/wp-json\/wp\/v2\/users\/2"}],"replies":[{"embeddable":true,"href":"https:\/\/gruene-grafenau.de\/index.php\/wp-json\/wp\/v2\/comments?post=706"}],"version-history":[{"count":2,"href":"https:\/\/gruene-grafenau.de\/index.php\/wp-json\/wp\/v2\/posts\/706\/revisions"}],"predecessor-version":[{"id":709,"href":"https:\/\/gruene-grafenau.de\/index.php\/wp-json\/wp\/v2\/posts\/706\/revisions\/709"}],"wp:attachment":[{"href":"https:\/\/gruene-grafenau.de\/index.php\/wp-json\/wp\/v2\/media?parent=706"}],"wp:term":[{"taxonomy":"category","embeddable":true,"href":"https:\/\/gruene-grafenau.de\/index.php\/wp-json\/wp\/v2\/categories?post=706"},{"taxonomy":"post_tag","embeddable":true,"href":"https:\/\/gruene-grafenau.de\/index.php\/wp-json\/wp\/v2\/tags?post=706"}],"curies":[{"name":"wp","href":"https:\/\/api.w.org\/{rel}","templated":true}]}}