{"id":689,"date":"2022-08-18T05:30:04","date_gmt":"2022-08-18T05:30:04","guid":{"rendered":"https:\/\/gruene-grafenau.de\/?p=689"},"modified":"2023-02-09T19:52:36","modified_gmt":"2023-02-09T19:52:36","slug":"eroeffnung-des-wahlkreisbueros-am-2-september-2022","status":"publish","type":"post","link":"https:\/\/gruene-grafenau.de\/index.php\/2022\/08\/18\/eroeffnung-des-wahlkreisbueros-am-2-september-2022\/","title":{"rendered":"Er\u00f6ffnung des Wahlkreisb\u00fcros am 2. September 2022"},"content":{"rendered":"<img loading=\"lazy\" decoding=\"async\" class=\"alignleft size-full wp-image-690\" src=\"https:\/\/gruene-grafenau.de\/wp-content\/uploads\/2022\/08\/csm_Save_the_Date_Karte_0fce1d2f6c.png\" alt=\"\" width=\"700\" height=\"560\" srcset=\"https:\/\/gruene-grafenau.de\/wp-content\/uploads\/2022\/08\/csm_Save_the_Date_Karte_0fce1d2f6c.png 700w, https:\/\/gruene-grafenau.de\/wp-content\/uploads\/2022\/08\/csm_Save_the_Date_Karte_0fce1d2f6c-400x320.png 400w, https:\/\/gruene-grafenau.de\/wp-content\/uploads\/2022\/08\/csm_Save_the_Date_Karte_0fce1d2f6c-150x120.png 150w\" sizes=\"auto, (max-width: 700px) 100vw, 700px\" \/>\n<p class=\"v1x\">Liebe B\u00fcrger*innen, liebe Freund*innen, liebe Interessierte,<\/p>\n<p>es ist so weit: nach einiger Arbeit ist unser gemeinsames Wahlkreisb\u00fcro im wundersch\u00f6nen Herrenberg nun fertig eingerichtet. Jetzt kann die Arbeit im neuen B\u00fcro starten und wir k\u00f6nnen noch n\u00e4her an euch und eure Themen im Wahlkreis r\u00fccken. Das neue B\u00fcro wird ein Anlaufpunkt f\u00fcr alle B\u00fcrger*innen aus dem Wahlkreis B\u00f6blingen sein: wir werden B\u00fcrger*innensprechstunden und verschiedene Veranstaltungen anbieten, um noch besser mit euch in Kontakt zu kommen. Die neuen B\u00fcror\u00e4ume sollen Raum f\u00fcr einen noch pers\u00f6nlicheren Austausch \u00fcber eure Anliegen geben und euch erm\u00f6glichen, sich \u00fcber unsere Arbeit in Berlin und Stuttgart zu informieren.<\/p>\n<p class=\"v1x\">Um das zu feiern,\u00a0<strong>laden wir euch herzlich zu der Er\u00f6ffnung unseres Wahlkreisb\u00fcros am Freitag, den 02. September 2022, in der Walter-Knoll-Stra\u00dfe 2, ein.\u00a0<\/strong>Im Rahmen unseres\u00a0<strong>\u201eOpen House&#8220;\u00a0<\/strong>Events<strong>\u00a0<\/strong>k\u00f6nnt ihr\u00a0<strong>ab 12 Uhr den ganzen Tag\u00a0<\/strong>vorbeikommen, euch unser neues B\u00fcro anschauen und mit uns ins Gespr\u00e4ch kommen.\u00a0<strong>Ab 18:00 Uhr seid ihr dann herzlich eingeladen, bei der offiziellen Begr\u00fc\u00dfung durch unsere beiden Abgeordneten dabei zu sein.\u00a0<\/strong>Bei dieser wird es Musik, sowie nat\u00fcrlich Sekt und Fingerfood geben. Damit wir wissen, mit wie vielen G\u00e4sten wir rechnen d\u00fcrfen, w\u00fcrden wir euch bitten, uns kurz per E-Mail an\u00a0<a title=\"mailto:tobias.bacherle.wk@bundestag.de Cmd+Klicken oder tippen Sie, um dem Link zu folgen.\" href=\"mailto:tobias.bacherle.wk@bundestag.de\">tobias.bacherle.wk@bundestag.de<\/a>\u00a0Bescheid zu geben.<\/p>\n<p class=\"v1x\">Wir freuen uns auf euch!<\/p>\n<p>Euer Tobias B. Bacherle (MdB) und euer Peter Seimer (MdL)<\/p>\n","protected":false},"excerpt":{"rendered":"<p>Liebe B\u00fcrger*innen, liebe Freund*innen, liebe Interessierte, es ist so weit: nach einiger Arbeit ist unser gemeinsames Wahlkreisb\u00fcro im wundersch\u00f6nen Herrenberg nun fertig eingerichtet. Jetzt kann die Arbeit im neuen B\u00fcro&#8230; <\/p>\n","protected":false},"author":2,"featured_media":0,"comment_status":"closed","ping_status":"closed","sticky":false,"template":"","format":"standard","meta":{"footnotes":""},"categories":[2],"tags":[],"class_list":["post-689","post","type-post","status-publish","format-standard","hentry","category-allgemein"],"_links":{"self":[{"href":"https:\/\/gruene-grafenau.de\/index.php\/wp-json\/wp\/v2\/posts\/689","targetHints":{"allow":["GET"]}}],"collection":[{"href":"https:\/\/gruene-grafenau.de\/index.php\/wp-json\/wp\/v2\/posts"}],"about":[{"href":"https:\/\/gruene-grafenau.de\/index.php\/wp-json\/wp\/v2\/types\/post"}],"author":[{"embeddable":true,"href":"https:\/\/gruene-grafenau.de\/index.php\/wp-json\/wp\/v2\/users\/2"}],"replies":[{"embeddable":true,"href":"https:\/\/gruene-grafenau.de\/index.php\/wp-json\/wp\/v2\/comments?post=689"}],"version-history":[{"count":4,"href":"https:\/\/gruene-grafenau.de\/index.php\/wp-json\/wp\/v2\/posts\/689\/revisions"}],"predecessor-version":[{"id":694,"href":"https:\/\/gruene-grafenau.de\/index.php\/wp-json\/wp\/v2\/posts\/689\/revisions\/694"}],"wp:attachment":[{"href":"https:\/\/gruene-grafenau.de\/index.php\/wp-json\/wp\/v2\/media?parent=689"}],"wp:term":[{"taxonomy":"category","embeddable":true,"href":"https:\/\/gruene-grafenau.de\/index.php\/wp-json\/wp\/v2\/categories?post=689"},{"taxonomy":"post_tag","embeddable":true,"href":"https:\/\/gruene-grafenau.de\/index.php\/wp-json\/wp\/v2\/tags?post=689"}],"curies":[{"name":"wp","href":"https:\/\/api.w.org\/{rel}","templated":true}]}}