{"id":491,"date":"2021-09-28T19:46:28","date_gmt":"2021-09-28T19:46:28","guid":{"rendered":"https:\/\/gruene-grafenau.de\/?p=491"},"modified":"2021-09-28T19:46:28","modified_gmt":"2021-09-28T19:46:28","slug":"herzlichen-dank-fuer-ihre-stimme-bei-der-bundestagswahl","status":"publish","type":"post","link":"https:\/\/gruene-grafenau.de\/index.php\/2021\/09\/28\/herzlichen-dank-fuer-ihre-stimme-bei-der-bundestagswahl\/","title":{"rendered":"Herzlichen Dank f\u00fcr Ihre Stimme bei der Bundestagswahl!"},"content":{"rendered":"<p>Nach 30 Jahren haben wir mit Tobias Bacherle im Kreis B\u00f6blingen wieder einen gr\u00fcnen Bundestagsabgeordneten.<\/p>\n<p>Tobias Bacherle war erfreut, dass so viele Mitglieder, aber auch Menschen, die sonst nicht politisch aktiv sind, beim Wahlkampf mit angepackt haben. Das ist f\u00fcr uns alle keine Selbstverst\u00e4ndlichkeit und hat diesen Wahlkampf zwischen Pandemie und Schicksalswahl f\u00fcrs Klima in dieser Form erst erm\u00f6glicht.<\/p>\n<p>Auch im Namen des OV Grafenau, nochmals herzlichen Dank an alle Helfer\/innen. Herzlichen Dank aber auch an unseren Nachwuchs, der mit Freude und Eifer beim Verteilen der Flyer und am Infostand mitgeholfen hat.<\/p>\n<p>B\u00fcndnis 90\/Die Gr\u00fcnen Grafenau<\/p>\n<img loading=\"lazy\" decoding=\"async\" class=\"alignleft size-full wp-image-493\" src=\"https:\/\/gruene-grafenau.de\/wp-content\/uploads\/2021\/09\/Danke-Tobi.jpg\" alt=\"\" width=\"800\" height=\"500\" srcset=\"https:\/\/gruene-grafenau.de\/wp-content\/uploads\/2021\/09\/Danke-Tobi.jpg 800w, https:\/\/gruene-grafenau.de\/wp-content\/uploads\/2021\/09\/Danke-Tobi-400x250.jpg 400w, https:\/\/gruene-grafenau.de\/wp-content\/uploads\/2021\/09\/Danke-Tobi-768x480.jpg 768w, https:\/\/gruene-grafenau.de\/wp-content\/uploads\/2021\/09\/Danke-Tobi-150x94.jpg 150w\" sizes=\"auto, (max-width: 800px) 100vw, 800px\" \/>\n<p>&nbsp;<\/p>\n","protected":false},"excerpt":{"rendered":"<p>Nach 30 Jahren haben wir mit Tobias Bacherle im Kreis B\u00f6blingen wieder einen gr\u00fcnen Bundestagsabgeordneten. Tobias Bacherle war erfreut, dass so viele Mitglieder, aber auch Menschen, die sonst nicht politisch&#8230; <\/p>\n","protected":false},"author":2,"featured_media":0,"comment_status":"closed","ping_status":"open","sticky":false,"template":"","format":"standard","meta":{"footnotes":""},"categories":[5],"tags":[],"class_list":["post-491","post","type-post","status-publish","format-standard","hentry","category-btw2021"],"_links":{"self":[{"href":"https:\/\/gruene-grafenau.de\/index.php\/wp-json\/wp\/v2\/posts\/491","targetHints":{"allow":["GET"]}}],"collection":[{"href":"https:\/\/gruene-grafenau.de\/index.php\/wp-json\/wp\/v2\/posts"}],"about":[{"href":"https:\/\/gruene-grafenau.de\/index.php\/wp-json\/wp\/v2\/types\/post"}],"author":[{"embeddable":true,"href":"https:\/\/gruene-grafenau.de\/index.php\/wp-json\/wp\/v2\/users\/2"}],"replies":[{"embeddable":true,"href":"https:\/\/gruene-grafenau.de\/index.php\/wp-json\/wp\/v2\/comments?post=491"}],"version-history":[{"count":3,"href":"https:\/\/gruene-grafenau.de\/index.php\/wp-json\/wp\/v2\/posts\/491\/revisions"}],"predecessor-version":[{"id":495,"href":"https:\/\/gruene-grafenau.de\/index.php\/wp-json\/wp\/v2\/posts\/491\/revisions\/495"}],"wp:attachment":[{"href":"https:\/\/gruene-grafenau.de\/index.php\/wp-json\/wp\/v2\/media?parent=491"}],"wp:term":[{"taxonomy":"category","embeddable":true,"href":"https:\/\/gruene-grafenau.de\/index.php\/wp-json\/wp\/v2\/categories?post=491"},{"taxonomy":"post_tag","embeddable":true,"href":"https:\/\/gruene-grafenau.de\/index.php\/wp-json\/wp\/v2\/tags?post=491"}],"curies":[{"name":"wp","href":"https:\/\/api.w.org\/{rel}","templated":true}]}}