{"id":454,"date":"2021-09-04T19:38:16","date_gmt":"2021-09-04T19:38:16","guid":{"rendered":"https:\/\/gruene-grafenau.de\/?p=454"},"modified":"2021-09-16T21:43:34","modified_gmt":"2021-09-16T21:43:34","slug":"der-wahlkampf-startet-in-die-heisse-phase","status":"publish","type":"post","link":"https:\/\/gruene-grafenau.de\/index.php\/2021\/09\/04\/der-wahlkampf-startet-in-die-heisse-phase\/","title":{"rendered":"Der Wahlkampf startet in die hei\u00dfe Phase!"},"content":{"rendered":"<p>Der Wahlkampf startet nun in die hei\u00dfe Phase. Am 26. September gilt es, das Kreuz an der richtigen Stelle zu setzen. Denn nur mit starken Gr\u00fcnen haben wir eine Chance auf ernstgemeinten Klimaschutz! Auch n\u00e4chste Woche werden wir am Samstag (11.09.) am Vormittag mit unserem Infostand vertreten sein, diesmal in D\u00f6ffingen in der neuen Mitte. Wir freuen uns, dass uns unser Bundestagskandidat @tbbacherle dabei unterst\u00fctzen wird, alle eure Fragen zu beantworten. Kommt uns gerne besuchen, wir freuen uns auf viele interessante Gespr\u00e4che \ud83d\ude0a<br \/>\nGr\u00fcne Gr\u00fc\u00dfe<\/p>\n","protected":false},"excerpt":{"rendered":"<p>Der Wahlkampf startet nun in die hei\u00dfe Phase. Am 26. September gilt es, das Kreuz an der richtigen Stelle zu setzen. Denn nur mit starken Gr\u00fcnen haben wir eine Chance&#8230; <\/p>\n","protected":false},"author":2,"featured_media":455,"comment_status":"closed","ping_status":"open","sticky":false,"template":"","format":"standard","meta":{"footnotes":""},"categories":[5],"tags":[],"class_list":["post-454","post","type-post","status-publish","format-standard","has-post-thumbnail","hentry","category-btw2021"],"_links":{"self":[{"href":"https:\/\/gruene-grafenau.de\/index.php\/wp-json\/wp\/v2\/posts\/454","targetHints":{"allow":["GET"]}}],"collection":[{"href":"https:\/\/gruene-grafenau.de\/index.php\/wp-json\/wp\/v2\/posts"}],"about":[{"href":"https:\/\/gruene-grafenau.de\/index.php\/wp-json\/wp\/v2\/types\/post"}],"author":[{"embeddable":true,"href":"https:\/\/gruene-grafenau.de\/index.php\/wp-json\/wp\/v2\/users\/2"}],"replies":[{"embeddable":true,"href":"https:\/\/gruene-grafenau.de\/index.php\/wp-json\/wp\/v2\/comments?post=454"}],"version-history":[{"count":6,"href":"https:\/\/gruene-grafenau.de\/index.php\/wp-json\/wp\/v2\/posts\/454\/revisions"}],"predecessor-version":[{"id":464,"href":"https:\/\/gruene-grafenau.de\/index.php\/wp-json\/wp\/v2\/posts\/454\/revisions\/464"}],"wp:featuredmedia":[{"embeddable":true,"href":"https:\/\/gruene-grafenau.de\/index.php\/wp-json\/wp\/v2\/media\/455"}],"wp:attachment":[{"href":"https:\/\/gruene-grafenau.de\/index.php\/wp-json\/wp\/v2\/media?parent=454"}],"wp:term":[{"taxonomy":"category","embeddable":true,"href":"https:\/\/gruene-grafenau.de\/index.php\/wp-json\/wp\/v2\/categories?post=454"},{"taxonomy":"post_tag","embeddable":true,"href":"https:\/\/gruene-grafenau.de\/index.php\/wp-json\/wp\/v2\/tags?post=454"}],"curies":[{"name":"wp","href":"https:\/\/api.w.org\/{rel}","templated":true}]}}