{"id":1185,"date":"2025-01-14T05:04:46","date_gmt":"2025-01-14T05:04:46","guid":{"rendered":"https:\/\/gruene-grafenau.de\/?p=1185"},"modified":"2025-01-14T13:28:45","modified_gmt":"2025-01-14T13:28:45","slug":"ricarda-lang-in-weil-der-stadt","status":"publish","type":"post","link":"https:\/\/gruene-grafenau.de\/index.php\/2025\/01\/14\/ricarda-lang-in-weil-der-stadt\/","title":{"rendered":"Ricarda Lang in Weil der Stadt"},"content":{"rendered":"<p><b>Tobias B. Bacherle l\u00e4dt am 24. Januar zur Veranstaltung mit der ehemaligen Bundesvorsitzenden seiner Partei ein. Ab 16.30 Uhr werden die beiden b\u00fcndnisgr\u00fcnen Bundestagsabgeordneten im Kl\u00f6sterle sprechen.<span class=\"Apple-converted-space\">\u00a0<\/span><\/b><\/p>\n<p>Der B\u00f6blinger Bundestagsabgeordnete Tobias B. Bacherle bekommt prominente Unterst\u00fctzung im Wahlkampf. Im Januar 2022 wurde Ricarda Lang Bundesvorsitzende von B\u00fcndnis 90\/Die Gr\u00fcnen und f\u00fchrte ihre Partei durch die Ampel Jahre. Kurz vor deren Ende k\u00fcndigte aber auch Lang ihren R\u00fccktritt an. Seit dem scheint die 31-J\u00e4hrige warm zu laufen. Als begnadete Rednerin galt Lang schon zuvor, doch durch ihre pointierten Kommentierungen in den sozialen Medien und ihrem selbstironischen Umgang mit so manchem Angriff, aber auch einer vielbeachteten sozialpolitischen und selbstreflektierten Grundsatzrede zu ihrem Abschied, hat sich Lang als spitze Kommentatorin etabliert. Bereits zuvor hatte sie sich als soziale Stimme der B\u00fcndnisgr\u00fcnen und Frauenrechtlerin einen Namen gemacht, die sich konsequent f\u00fcr Chancengleichheit, Gerechtigkeit und Solidarit\u00e4t einsetzt. In ihrer Kampagne setzen die B\u00fcndnisgr\u00fcnen nun als einen Schwerpunkt auf die Senkung der Lebensunterhaltskosten.<\/p>\n<p><img loading=\"lazy\" decoding=\"async\" class=\"alignleft wp-image-1187 size-medium\" src=\"https:\/\/gruene-grafenau.de\/wp-content\/uploads\/2025\/01\/01_Tobias-Bacherle-112024-Philipp-Sigle-01-400x267.jpg\" alt=\"\" width=\"400\" height=\"267\" \/>Die Veranstaltung ist Teil des Wahlkampfs des b\u00fcndnisgr\u00fcnen Kreisverbands und ihres Kandidaten Tobias B. Bacherle. Der 30-J\u00e4hrige Experte f\u00fcr Au\u00dfen- und Digitalpolitik vertritt seit 2021 den Landkreis B\u00f6blingen im Deutschen Bundestag. Regelm\u00e4\u00dfig l\u00e4dt der Bundestagsabgeordnete zu Austauschformaten ein, im Wahlkampf nun mit prominenter Unterst\u00fctzung.<span class=\"Apple-converted-space\">\u00a0<\/span><\/p>\n<p>Die Veranstaltung im Kl\u00f6sterle bietet eine Gelegenheit f\u00fcr Interessierte, aktuelle politische Themen und die Herausforderungen der Zukunft in einem anregenden Austausch zu diskutieren. \u201eGerade wer noch unentschlossen ist, wen am 23. Februar zu w\u00e4hlen, kann sich hier einen eigenen Eindruck verschaffen und Fragen loswerden\u201c, so Bacherle.<\/p>\n<p><b>Veranstaltungsdetails:<span class=\"Apple-converted-space\">\u00a0<\/span><\/b><\/p>\n<p>Wann: Freitag, 24. Januar 2025, ab 16:30 Uhr<span class=\"Apple-converted-space\">\u00a0 <\/span><br \/>\nWo: Kl\u00f6sterle, Kapuzinerberg 11, 71263 Weil der Stadt<\/p>\n<p>Die Veranstaltung ist \u00f6ffentlich, eine Anmeldung ist nicht erforderlich.<\/p>\n","protected":false},"excerpt":{"rendered":"<p>Tobias B. Bacherle l\u00e4dt am 24. Januar zur Veranstaltung mit der ehemaligen Bundesvorsitzenden seiner Partei ein. Ab 16.30 Uhr werden die beiden b\u00fcndnisgr\u00fcnen Bundestagsabgeordneten im Kl\u00f6sterle sprechen.\u00a0 Der B\u00f6blinger Bundestagsabgeordnete&#8230; <\/p>\n","protected":false},"author":2,"featured_media":1186,"comment_status":"closed","ping_status":"closed","sticky":false,"template":"","format":"standard","meta":{"footnotes":""},"categories":[7],"tags":[],"class_list":["post-1185","post","type-post","status-publish","format-standard","has-post-thumbnail","hentry","category-btw2025"],"_links":{"self":[{"href":"https:\/\/gruene-grafenau.de\/index.php\/wp-json\/wp\/v2\/posts\/1185","targetHints":{"allow":["GET"]}}],"collection":[{"href":"https:\/\/gruene-grafenau.de\/index.php\/wp-json\/wp\/v2\/posts"}],"about":[{"href":"https:\/\/gruene-grafenau.de\/index.php\/wp-json\/wp\/v2\/types\/post"}],"author":[{"embeddable":true,"href":"https:\/\/gruene-grafenau.de\/index.php\/wp-json\/wp\/v2\/users\/2"}],"replies":[{"embeddable":true,"href":"https:\/\/gruene-grafenau.de\/index.php\/wp-json\/wp\/v2\/comments?post=1185"}],"version-history":[{"count":6,"href":"https:\/\/gruene-grafenau.de\/index.php\/wp-json\/wp\/v2\/posts\/1185\/revisions"}],"predecessor-version":[{"id":1197,"href":"https:\/\/gruene-grafenau.de\/index.php\/wp-json\/wp\/v2\/posts\/1185\/revisions\/1197"}],"wp:featuredmedia":[{"embeddable":true,"href":"https:\/\/gruene-grafenau.de\/index.php\/wp-json\/wp\/v2\/media\/1186"}],"wp:attachment":[{"href":"https:\/\/gruene-grafenau.de\/index.php\/wp-json\/wp\/v2\/media?parent=1185"}],"wp:term":[{"taxonomy":"category","embeddable":true,"href":"https:\/\/gruene-grafenau.de\/index.php\/wp-json\/wp\/v2\/categories?post=1185"},{"taxonomy":"post_tag","embeddable":true,"href":"https:\/\/gruene-grafenau.de\/index.php\/wp-json\/wp\/v2\/tags?post=1185"}],"curies":[{"name":"wp","href":"https:\/\/api.w.org\/{rel}","templated":true}]}}